{"id":226951,"date":"2023-07-28T08:56:58","date_gmt":"2023-07-28T06:56:58","guid":{"rendered":"https:\/\/notarisklerken-basoche.be\/?p=226951"},"modified":"2023-07-28T08:56:58","modified_gmt":"2023-07-28T06:56:58","slug":"soiree-de-consultation-pour-les-employees-des-notaires-en-vue-des-negociations-sectorielles","status":"publish","type":"post","link":"https:\/\/notarisklerken-basoche.be\/fr\/soiree-de-consultation-pour-les-employees-des-notaires-en-vue-des-negociations-sectorielles\/","title":{"rendered":"Soir\u00e9e de consultation pour les employ\u00e9(e)s des notaires en vue des n\u00e9gociations sectorielles."},"content":{"rendered":"<p>La CNE et l\u2019association professionnelle des employ\u00e9s du notariat (Basoche) organisent<\/p>\n<p><strong>le lundi 11 septembre 2023 une soir\u00e9e de consultation pour les employ\u00e9\u00b7e\u00b7s des notaires en vue des n\u00e9gociations sectorielles.<\/strong><br \/>\n<strong>A quoi s\u2019attendre ?\u00a0<\/strong><\/p>\n<p>En novembre dernier, nous avons organis\u00e9 une soir\u00e9e d\u2019infos pour les employ\u00e9\u00b7e\u00b7s des notaires. Vous nous avez fait part d\u2019une s\u00e9rie de priorit\u00e9s. Tous les deux ans, des n\u00e9gociations entre syndicats et patronat ont lieu dans tous les secteurs et portent sur les salaires, les conditions de travail, etc.<\/p>\n<p>Avec le front commun syndical, nous avons \u00e9labor\u00e9 un cahier de revendications. Il nous est impossible de n\u00e9gocier de r\u00e9elles augmentations de salaires car la loi sur la norme salariale nous en emp\u00eache. Une prime pourra \u00eatre n\u00e9goci\u00e9e.<\/p>\n<p>Nous aimerions discuter avec vous de vos priorit\u00e9s pour les prochaines n\u00e9gociations sectorielles (salaires, temps de travail, mobilit\u00e9, t\u00e9l\u00e9travail etc).<\/p>\n<p><strong>O\u00f9 ?\u00a0<\/strong><\/p>\n<p>Dans les locaux de la CNE, avenue Robert Schuman 52 \u00e0 1401 Nivelles<br \/>\nLa soir\u00e9e peut aussi \u00eatre suivie\u00a0<strong>en digital (Teams) \u2013 lien re\u00e7u apr\u00e8s inscription<\/strong><\/p>\n<p><strong>Quand ?\u00a0<\/strong><\/p>\n<p>Le lundi 11 septembre 2023 de 19h30 \u00e0 21h30 (accueil \u00e0 19h avec des sandwiches)<\/p>\n<p><strong>Inscription<\/strong>\u00a0souhait\u00e9e <a href=\"https:\/\/forms.office.com\/e\/rPTniLe2cz\">via\u00a0ce lien<\/a>.<\/p>\n<p>Au plaisir de vous y retrouver,<\/p>\n<p>Bien \u00e0 vous,<br \/>\nClarisse Van Tichelen &#8211;\u00a0permanente CSC-CNE<br \/>\nVincent Vranck &#8211; Pr\u00e9sident de la Basoche<\/p>\n","protected":false},"excerpt":{"rendered":"<p>La CNE et l\u2019association professionnelle des employ\u00e9s du notariat (Basoche) organisent le lundi 11 septembre 2023 une soir\u00e9e de consultation pour les employ\u00e9\u00b7e\u00b7s des notaires en vue des n\u00e9gociations sectorielles. A quoi s\u2019attendre ?\u00a0 En novembre dernier, nous avons organis\u00e9 une soir\u00e9e d\u2019infos pour les employ\u00e9\u00b7e\u00b7s des notaires. Vous nous avez fait part d\u2019une s\u00e9rie [&hellip;]<\/p>\n","protected":false},"author":365,"featured_media":0,"comment_status":"closed","ping_status":"open","sticky":false,"template":"","format":"standard","meta":{"_et_pb_use_builder":"","_et_pb_old_content":"","_et_gb_content_width":"","footnotes":""},"categories":[63],"tags":[],"class_list":["post-226951","post","type-post","status-publish","format-standard","hentry","category-non-classifiee"],"yoast_head":"<!-- This site is optimized with the Yoast SEO plugin v27.4 - https:\/\/yoast.com\/product\/yoast-seo-wordpress\/ -->\n<title>Soir\u00e9e de consultation pour les employ\u00e9(e)s des notaires en vue des n\u00e9gociations sectorielles. - NotarisKlerken Basoche<\/title>\n<meta name=\"robots\" content=\"index, follow, max-snippet:-1, max-image-preview:large, max-video-preview:-1\" \/>\n<link rel=\"canonical\" href=\"https:\/\/notarisklerken-basoche.be\/fr\/soiree-de-consultation-pour-les-employees-des-notaires-en-vue-des-negociations-sectorielles\/\" \/>\n<meta property=\"og:locale\" content=\"fr_FR\" \/>\n<meta property=\"og:type\" content=\"article\" \/>\n<meta property=\"og:title\" content=\"Soir\u00e9e de consultation pour les employ\u00e9(e)s des notaires en vue des n\u00e9gociations sectorielles. - NotarisKlerken Basoche\" \/>\n<meta property=\"og:description\" content=\"La CNE et l\u2019association professionnelle des employ\u00e9s du notariat (Basoche) organisent le lundi 11 septembre 2023 une soir\u00e9e de consultation pour les employ\u00e9\u00b7e\u00b7s des notaires en vue des n\u00e9gociations sectorielles. A quoi s\u2019attendre ?\u00a0 En novembre dernier, nous avons organis\u00e9 une soir\u00e9e d\u2019infos pour les employ\u00e9\u00b7e\u00b7s des notaires. Vous nous avez fait part d\u2019une s\u00e9rie [&hellip;]\" \/>\n<meta property=\"og:url\" content=\"https:\/\/notarisklerken-basoche.be\/fr\/soiree-de-consultation-pour-les-employees-des-notaires-en-vue-des-negociations-sectorielles\/\" \/>\n<meta property=\"og:site_name\" content=\"NotarisKlerken Basoche\" \/>\n<meta property=\"article:published_time\" content=\"2023-07-28T06:56:58+00:00\" \/>\n<meta name=\"author\" content=\"Vincent Vranck\" \/>\n<meta name=\"twitter:card\" content=\"summary_large_image\" \/>\n<meta name=\"twitter:label1\" content=\"\u00c9crit par\" \/>\n\t<meta name=\"twitter:data1\" content=\"Vincent Vranck\" \/>\n\t<meta name=\"twitter:label2\" content=\"Dur\u00e9e de lecture estim\u00e9e\" \/>\n\t<meta name=\"twitter:data2\" content=\"2 minutes\" \/>\n<script type=\"application\/ld+json\" class=\"yoast-schema-graph\">{\"@context\":\"https:\\\/\\\/schema.org\",\"@graph\":[{\"@type\":\"Article\",\"@id\":\"https:\\\/\\\/notarisklerken-basoche.be\\\/fr\\\/soiree-de-consultation-pour-les-employees-des-notaires-en-vue-des-negociations-sectorielles\\\/#article\",\"isPartOf\":{\"@id\":\"https:\\\/\\\/notarisklerken-basoche.be\\\/fr\\\/soiree-de-consultation-pour-les-employees-des-notaires-en-vue-des-negociations-sectorielles\\\/\"},\"author\":{\"name\":\"Vincent Vranck\",\"@id\":\"https:\\\/\\\/notarisklerken-basoche.be\\\/#\\\/schema\\\/person\\\/22fd76a661ff5e38d04977179d600984\"},\"headline\":\"Soir\u00e9e de consultation pour les employ\u00e9(e)s des notaires en vue des n\u00e9gociations sectorielles.\",\"datePublished\":\"2023-07-28T06:56:58+00:00\",\"mainEntityOfPage\":{\"@id\":\"https:\\\/\\\/notarisklerken-basoche.be\\\/fr\\\/soiree-de-consultation-pour-les-employees-des-notaires-en-vue-des-negociations-sectorielles\\\/\"},\"wordCount\":246,\"publisher\":{\"@id\":\"https:\\\/\\\/notarisklerken-basoche.be\\\/#organization\"},\"articleSection\":[\"Non classifi\u00e9(e)\"],\"inLanguage\":\"fr-FR\"},{\"@type\":\"WebPage\",\"@id\":\"https:\\\/\\\/notarisklerken-basoche.be\\\/fr\\\/soiree-de-consultation-pour-les-employees-des-notaires-en-vue-des-negociations-sectorielles\\\/\",\"url\":\"https:\\\/\\\/notarisklerken-basoche.be\\\/fr\\\/soiree-de-consultation-pour-les-employees-des-notaires-en-vue-des-negociations-sectorielles\\\/\",\"name\":\"Soir\u00e9e de consultation pour les employ\u00e9(e)s des notaires en vue des n\u00e9gociations sectorielles. - NotarisKlerken Basoche\",\"isPartOf\":{\"@id\":\"https:\\\/\\\/notarisklerken-basoche.be\\\/#website\"},\"datePublished\":\"2023-07-28T06:56:58+00:00\",\"breadcrumb\":{\"@id\":\"https:\\\/\\\/notarisklerken-basoche.be\\\/fr\\\/soiree-de-consultation-pour-les-employees-des-notaires-en-vue-des-negociations-sectorielles\\\/#breadcrumb\"},\"inLanguage\":\"fr-FR\",\"potentialAction\":[{\"@type\":\"ReadAction\",\"target\":[\"https:\\\/\\\/notarisklerken-basoche.be\\\/fr\\\/soiree-de-consultation-pour-les-employees-des-notaires-en-vue-des-negociations-sectorielles\\\/\"]}]},{\"@type\":\"BreadcrumbList\",\"@id\":\"https:\\\/\\\/notarisklerken-basoche.be\\\/fr\\\/soiree-de-consultation-pour-les-employees-des-notaires-en-vue-des-negociations-sectorielles\\\/#breadcrumb\",\"itemListElement\":[{\"@type\":\"ListItem\",\"position\":1,\"name\":\"Home\",\"item\":\"https:\\\/\\\/notarisklerken-basoche.be\\\/fr\\\/\"},{\"@type\":\"ListItem\",\"position\":2,\"name\":\"Soir\u00e9e de consultation pour les employ\u00e9(e)s des notaires en vue des n\u00e9gociations sectorielles.\"}]},{\"@type\":\"WebSite\",\"@id\":\"https:\\\/\\\/notarisklerken-basoche.be\\\/#website\",\"url\":\"https:\\\/\\\/notarisklerken-basoche.be\\\/\",\"name\":\"NotarisKlerken Basoche\",\"description\":\"De Nationale Beroepsvereniging van het Notarispersoneel\",\"publisher\":{\"@id\":\"https:\\\/\\\/notarisklerken-basoche.be\\\/#organization\"},\"potentialAction\":[{\"@type\":\"SearchAction\",\"target\":{\"@type\":\"EntryPoint\",\"urlTemplate\":\"https:\\\/\\\/notarisklerken-basoche.be\\\/?s={search_term_string}\"},\"query-input\":{\"@type\":\"PropertyValueSpecification\",\"valueRequired\":true,\"valueName\":\"search_term_string\"}}],\"inLanguage\":\"fr-FR\"},{\"@type\":\"Organization\",\"@id\":\"https:\\\/\\\/notarisklerken-basoche.be\\\/#organization\",\"name\":\"NotarisKlerken Basoche\",\"url\":\"https:\\\/\\\/notarisklerken-basoche.be\\\/\",\"logo\":{\"@type\":\"ImageObject\",\"inLanguage\":\"fr-FR\",\"@id\":\"https:\\\/\\\/notarisklerken-basoche.be\\\/#\\\/schema\\\/logo\\\/image\\\/\",\"url\":\"https:\\\/\\\/notarisklerken-basoche.be\\\/wp-content\\\/uploads\\\/2022\\\/01\\\/notarisklerken-basoche-logo.png\",\"contentUrl\":\"https:\\\/\\\/notarisklerken-basoche.be\\\/wp-content\\\/uploads\\\/2022\\\/01\\\/notarisklerken-basoche-logo.png\",\"width\":336,\"height\":168,\"caption\":\"NotarisKlerken Basoche\"},\"image\":{\"@id\":\"https:\\\/\\\/notarisklerken-basoche.be\\\/#\\\/schema\\\/logo\\\/image\\\/\"}},{\"@type\":\"Person\",\"@id\":\"https:\\\/\\\/notarisklerken-basoche.be\\\/#\\\/schema\\\/person\\\/22fd76a661ff5e38d04977179d600984\",\"name\":\"Vincent Vranck\",\"url\":\"https:\\\/\\\/notarisklerken-basoche.be\\\/fr\\\/author\\\/vincent-vranckgmail-com\\\/\"}]}<\/script>\n<!-- \/ Yoast SEO plugin. -->","yoast_head_json":{"title":"Soir\u00e9e de consultation pour les employ\u00e9(e)s des notaires en vue des n\u00e9gociations sectorielles. - NotarisKlerken Basoche","robots":{"index":"index","follow":"follow","max-snippet":"max-snippet:-1","max-image-preview":"max-image-preview:large","max-video-preview":"max-video-preview:-1"},"canonical":"https:\/\/notarisklerken-basoche.be\/fr\/soiree-de-consultation-pour-les-employees-des-notaires-en-vue-des-negociations-sectorielles\/","og_locale":"fr_FR","og_type":"article","og_title":"Soir\u00e9e de consultation pour les employ\u00e9(e)s des notaires en vue des n\u00e9gociations sectorielles. - NotarisKlerken Basoche","og_description":"La CNE et l\u2019association professionnelle des employ\u00e9s du notariat (Basoche) organisent le lundi 11 septembre 2023 une soir\u00e9e de consultation pour les employ\u00e9\u00b7e\u00b7s des notaires en vue des n\u00e9gociations sectorielles. A quoi s\u2019attendre ?\u00a0 En novembre dernier, nous avons organis\u00e9 une soir\u00e9e d\u2019infos pour les employ\u00e9\u00b7e\u00b7s des notaires. Vous nous avez fait part d\u2019une s\u00e9rie [&hellip;]","og_url":"https:\/\/notarisklerken-basoche.be\/fr\/soiree-de-consultation-pour-les-employees-des-notaires-en-vue-des-negociations-sectorielles\/","og_site_name":"NotarisKlerken Basoche","article_published_time":"2023-07-28T06:56:58+00:00","author":"Vincent Vranck","twitter_card":"summary_large_image","twitter_misc":{"\u00c9crit par":"Vincent Vranck","Dur\u00e9e de lecture estim\u00e9e":"2 minutes"},"schema":{"@context":"https:\/\/schema.org","@graph":[{"@type":"Article","@id":"https:\/\/notarisklerken-basoche.be\/fr\/soiree-de-consultation-pour-les-employees-des-notaires-en-vue-des-negociations-sectorielles\/#article","isPartOf":{"@id":"https:\/\/notarisklerken-basoche.be\/fr\/soiree-de-consultation-pour-les-employees-des-notaires-en-vue-des-negociations-sectorielles\/"},"author":{"name":"Vincent Vranck","@id":"https:\/\/notarisklerken-basoche.be\/#\/schema\/person\/22fd76a661ff5e38d04977179d600984"},"headline":"Soir\u00e9e de consultation pour les employ\u00e9(e)s des notaires en vue des n\u00e9gociations sectorielles.","datePublished":"2023-07-28T06:56:58+00:00","mainEntityOfPage":{"@id":"https:\/\/notarisklerken-basoche.be\/fr\/soiree-de-consultation-pour-les-employees-des-notaires-en-vue-des-negociations-sectorielles\/"},"wordCount":246,"publisher":{"@id":"https:\/\/notarisklerken-basoche.be\/#organization"},"articleSection":["Non classifi\u00e9(e)"],"inLanguage":"fr-FR"},{"@type":"WebPage","@id":"https:\/\/notarisklerken-basoche.be\/fr\/soiree-de-consultation-pour-les-employees-des-notaires-en-vue-des-negociations-sectorielles\/","url":"https:\/\/notarisklerken-basoche.be\/fr\/soiree-de-consultation-pour-les-employees-des-notaires-en-vue-des-negociations-sectorielles\/","name":"Soir\u00e9e de consultation pour les employ\u00e9(e)s des notaires en vue des n\u00e9gociations sectorielles. - NotarisKlerken Basoche","isPartOf":{"@id":"https:\/\/notarisklerken-basoche.be\/#website"},"datePublished":"2023-07-28T06:56:58+00:00","breadcrumb":{"@id":"https:\/\/notarisklerken-basoche.be\/fr\/soiree-de-consultation-pour-les-employees-des-notaires-en-vue-des-negociations-sectorielles\/#breadcrumb"},"inLanguage":"fr-FR","potentialAction":[{"@type":"ReadAction","target":["https:\/\/notarisklerken-basoche.be\/fr\/soiree-de-consultation-pour-les-employees-des-notaires-en-vue-des-negociations-sectorielles\/"]}]},{"@type":"BreadcrumbList","@id":"https:\/\/notarisklerken-basoche.be\/fr\/soiree-de-consultation-pour-les-employees-des-notaires-en-vue-des-negociations-sectorielles\/#breadcrumb","itemListElement":[{"@type":"ListItem","position":1,"name":"Home","item":"https:\/\/notarisklerken-basoche.be\/fr\/"},{"@type":"ListItem","position":2,"name":"Soir\u00e9e de consultation pour les employ\u00e9(e)s des notaires en vue des n\u00e9gociations sectorielles."}]},{"@type":"WebSite","@id":"https:\/\/notarisklerken-basoche.be\/#website","url":"https:\/\/notarisklerken-basoche.be\/","name":"NotarisKlerken Basoche","description":"De Nationale Beroepsvereniging van het Notarispersoneel","publisher":{"@id":"https:\/\/notarisklerken-basoche.be\/#organization"},"potentialAction":[{"@type":"SearchAction","target":{"@type":"EntryPoint","urlTemplate":"https:\/\/notarisklerken-basoche.be\/?s={search_term_string}"},"query-input":{"@type":"PropertyValueSpecification","valueRequired":true,"valueName":"search_term_string"}}],"inLanguage":"fr-FR"},{"@type":"Organization","@id":"https:\/\/notarisklerken-basoche.be\/#organization","name":"NotarisKlerken Basoche","url":"https:\/\/notarisklerken-basoche.be\/","logo":{"@type":"ImageObject","inLanguage":"fr-FR","@id":"https:\/\/notarisklerken-basoche.be\/#\/schema\/logo\/image\/","url":"https:\/\/notarisklerken-basoche.be\/wp-content\/uploads\/2022\/01\/notarisklerken-basoche-logo.png","contentUrl":"https:\/\/notarisklerken-basoche.be\/wp-content\/uploads\/2022\/01\/notarisklerken-basoche-logo.png","width":336,"height":168,"caption":"NotarisKlerken Basoche"},"image":{"@id":"https:\/\/notarisklerken-basoche.be\/#\/schema\/logo\/image\/"}},{"@type":"Person","@id":"https:\/\/notarisklerken-basoche.be\/#\/schema\/person\/22fd76a661ff5e38d04977179d600984","name":"Vincent Vranck","url":"https:\/\/notarisklerken-basoche.be\/fr\/author\/vincent-vranckgmail-com\/"}]}},"_links":{"self":[{"href":"https:\/\/notarisklerken-basoche.be\/fr\/wp-json\/wp\/v2\/posts\/226951","targetHints":{"allow":["GET"]}}],"collection":[{"href":"https:\/\/notarisklerken-basoche.be\/fr\/wp-json\/wp\/v2\/posts"}],"about":[{"href":"https:\/\/notarisklerken-basoche.be\/fr\/wp-json\/wp\/v2\/types\/post"}],"author":[{"embeddable":true,"href":"https:\/\/notarisklerken-basoche.be\/fr\/wp-json\/wp\/v2\/users\/365"}],"replies":[{"embeddable":true,"href":"https:\/\/notarisklerken-basoche.be\/fr\/wp-json\/wp\/v2\/comments?post=226951"}],"version-history":[{"count":1,"href":"https:\/\/notarisklerken-basoche.be\/fr\/wp-json\/wp\/v2\/posts\/226951\/revisions"}],"predecessor-version":[{"id":226952,"href":"https:\/\/notarisklerken-basoche.be\/fr\/wp-json\/wp\/v2\/posts\/226951\/revisions\/226952"}],"wp:attachment":[{"href":"https:\/\/notarisklerken-basoche.be\/fr\/wp-json\/wp\/v2\/media?parent=226951"}],"wp:term":[{"taxonomy":"category","embeddable":true,"href":"https:\/\/notarisklerken-basoche.be\/fr\/wp-json\/wp\/v2\/categories?post=226951"},{"taxonomy":"post_tag","embeddable":true,"href":"https:\/\/notarisklerken-basoche.be\/fr\/wp-json\/wp\/v2\/tags?post=226951"}],"curies":[{"name":"wp","href":"https:\/\/api.w.org\/{rel}","templated":true}]}}