{"id":227222,"date":"2026-05-02T10:53:36","date_gmt":"2026-05-02T08:53:36","guid":{"rendered":"https:\/\/notarisklerken-basoche.be\/?p=227222"},"modified":"2026-05-02T10:56:16","modified_gmt":"2026-05-02T08:56:16","slug":"journee-des-familles-a-spa","status":"publish","type":"post","link":"https:\/\/notarisklerken-basoche.be\/fr\/journee-des-familles-a-spa\/","title":{"rendered":"JOURNEE DES FAMILLES A SPA"},"content":{"rendered":"<p>Le samedi 30 mai 2026 nous invitons tous les employ\u00e9s du notariat, membres et non-membres de notre association, ainsi que leurs familles, \u00e0 notre journ\u00e9e des familles annuelle.<br \/>\nC\u2019est l\u2019occasion id\u00e9ale d\u2019\u00e9changer des nouvelles ou de faire connaissance avec des coll\u00e8gues<br \/>\nAu plaisir de vous rencontrer <a href=\"https:\/\/notarisklerken-basoche.be\/wp-content\/uploads\/Invitation-Inscription-Journee-Familles-2026.pdf\">Invitation-Inscription Journ\u00e9e Familles 2026<\/a><br \/>\n<\/p>\n","protected":false},"excerpt":{"rendered":"<p>Le samedi 30 mai 2026 nous invitons tous les employ\u00e9s du notariat, membres et non-membres de notre association, ainsi que leurs familles, \u00e0 notre journ\u00e9e des familles annuelle. C\u2019est l\u2019occasion id\u00e9ale d\u2019\u00e9changer des nouvelles ou de faire connaissance avec des coll\u00e8gues Au plaisir de vous rencontrer Invitation-Inscription Journ\u00e9e Familles 2026<\/p>\n","protected":false},"author":365,"featured_media":0,"comment_status":"closed","ping_status":"open","sticky":false,"template":"","format":"standard","meta":{"_et_pb_use_builder":"","_et_pb_old_content":"","_et_gb_content_width":"","footnotes":""},"categories":[63],"tags":[],"class_list":["post-227222","post","type-post","status-publish","format-standard","hentry","category-non-classifiee"],"yoast_head":"<!-- This site is optimized with the Yoast SEO plugin v27.4 - https:\/\/yoast.com\/product\/yoast-seo-wordpress\/ -->\n<title>JOURNEE DES FAMILLES A SPA - NotarisKlerken Basoche<\/title>\n<meta name=\"robots\" content=\"index, follow, max-snippet:-1, max-image-preview:large, max-video-preview:-1\" \/>\n<link rel=\"canonical\" href=\"https:\/\/notarisklerken-basoche.be\/fr\/journee-des-familles-a-spa\/\" \/>\n<meta property=\"og:locale\" content=\"fr_FR\" \/>\n<meta property=\"og:type\" content=\"article\" \/>\n<meta property=\"og:title\" content=\"JOURNEE DES FAMILLES A SPA - NotarisKlerken Basoche\" \/>\n<meta property=\"og:description\" content=\"Le samedi 30 mai 2026 nous invitons tous les employ\u00e9s du notariat, membres et non-membres de notre association, ainsi que leurs familles, \u00e0 notre journ\u00e9e des familles annuelle. C\u2019est l\u2019occasion id\u00e9ale d\u2019\u00e9changer des nouvelles ou de faire connaissance avec des coll\u00e8gues Au plaisir de vous rencontrer Invitation-Inscription Journ\u00e9e Familles 2026\" \/>\n<meta property=\"og:url\" content=\"https:\/\/notarisklerken-basoche.be\/fr\/journee-des-familles-a-spa\/\" \/>\n<meta property=\"og:site_name\" content=\"NotarisKlerken Basoche\" \/>\n<meta property=\"article:published_time\" content=\"2026-05-02T08:53:36+00:00\" \/>\n<meta property=\"article:modified_time\" content=\"2026-05-02T08:56:16+00:00\" \/>\n<meta name=\"author\" content=\"Vincent Vranck\" \/>\n<meta name=\"twitter:card\" content=\"summary_large_image\" \/>\n<meta name=\"twitter:label1\" content=\"\u00c9crit par\" \/>\n\t<meta name=\"twitter:data1\" content=\"Vincent Vranck\" \/>\n\t<meta name=\"twitter:label2\" content=\"Dur\u00e9e de lecture estim\u00e9e\" \/>\n\t<meta name=\"twitter:data2\" content=\"1 minute\" \/>\n<script type=\"application\/ld+json\" class=\"yoast-schema-graph\">{\"@context\":\"https:\\\/\\\/schema.org\",\"@graph\":[{\"@type\":\"Article\",\"@id\":\"https:\\\/\\\/notarisklerken-basoche.be\\\/fr\\\/journee-des-familles-a-spa\\\/#article\",\"isPartOf\":{\"@id\":\"https:\\\/\\\/notarisklerken-basoche.be\\\/fr\\\/journee-des-familles-a-spa\\\/\"},\"author\":{\"name\":\"Vincent Vranck\",\"@id\":\"https:\\\/\\\/notarisklerken-basoche.be\\\/#\\\/schema\\\/person\\\/22fd76a661ff5e38d04977179d600984\"},\"headline\":\"JOURNEE DES FAMILLES A SPA\",\"datePublished\":\"2026-05-02T08:53:36+00:00\",\"dateModified\":\"2026-05-02T08:56:16+00:00\",\"mainEntityOfPage\":{\"@id\":\"https:\\\/\\\/notarisklerken-basoche.be\\\/fr\\\/journee-des-familles-a-spa\\\/\"},\"wordCount\":68,\"publisher\":{\"@id\":\"https:\\\/\\\/notarisklerken-basoche.be\\\/#organization\"},\"articleSection\":[\"Non classifi\u00e9(e)\"],\"inLanguage\":\"fr-FR\"},{\"@type\":\"WebPage\",\"@id\":\"https:\\\/\\\/notarisklerken-basoche.be\\\/fr\\\/journee-des-familles-a-spa\\\/\",\"url\":\"https:\\\/\\\/notarisklerken-basoche.be\\\/fr\\\/journee-des-familles-a-spa\\\/\",\"name\":\"JOURNEE DES FAMILLES A SPA - NotarisKlerken Basoche\",\"isPartOf\":{\"@id\":\"https:\\\/\\\/notarisklerken-basoche.be\\\/#website\"},\"datePublished\":\"2026-05-02T08:53:36+00:00\",\"dateModified\":\"2026-05-02T08:56:16+00:00\",\"breadcrumb\":{\"@id\":\"https:\\\/\\\/notarisklerken-basoche.be\\\/fr\\\/journee-des-familles-a-spa\\\/#breadcrumb\"},\"inLanguage\":\"fr-FR\",\"potentialAction\":[{\"@type\":\"ReadAction\",\"target\":[\"https:\\\/\\\/notarisklerken-basoche.be\\\/fr\\\/journee-des-familles-a-spa\\\/\"]}]},{\"@type\":\"BreadcrumbList\",\"@id\":\"https:\\\/\\\/notarisklerken-basoche.be\\\/fr\\\/journee-des-familles-a-spa\\\/#breadcrumb\",\"itemListElement\":[{\"@type\":\"ListItem\",\"position\":1,\"name\":\"Home\",\"item\":\"https:\\\/\\\/notarisklerken-basoche.be\\\/fr\\\/\"},{\"@type\":\"ListItem\",\"position\":2,\"name\":\"JOURNEE DES FAMILLES A SPA\"}]},{\"@type\":\"WebSite\",\"@id\":\"https:\\\/\\\/notarisklerken-basoche.be\\\/#website\",\"url\":\"https:\\\/\\\/notarisklerken-basoche.be\\\/\",\"name\":\"NotarisKlerken Basoche\",\"description\":\"De Nationale Beroepsvereniging van het Notarispersoneel\",\"publisher\":{\"@id\":\"https:\\\/\\\/notarisklerken-basoche.be\\\/#organization\"},\"potentialAction\":[{\"@type\":\"SearchAction\",\"target\":{\"@type\":\"EntryPoint\",\"urlTemplate\":\"https:\\\/\\\/notarisklerken-basoche.be\\\/?s={search_term_string}\"},\"query-input\":{\"@type\":\"PropertyValueSpecification\",\"valueRequired\":true,\"valueName\":\"search_term_string\"}}],\"inLanguage\":\"fr-FR\"},{\"@type\":\"Organization\",\"@id\":\"https:\\\/\\\/notarisklerken-basoche.be\\\/#organization\",\"name\":\"NotarisKlerken Basoche\",\"url\":\"https:\\\/\\\/notarisklerken-basoche.be\\\/\",\"logo\":{\"@type\":\"ImageObject\",\"inLanguage\":\"fr-FR\",\"@id\":\"https:\\\/\\\/notarisklerken-basoche.be\\\/#\\\/schema\\\/logo\\\/image\\\/\",\"url\":\"https:\\\/\\\/notarisklerken-basoche.be\\\/wp-content\\\/uploads\\\/2022\\\/01\\\/notarisklerken-basoche-logo.png\",\"contentUrl\":\"https:\\\/\\\/notarisklerken-basoche.be\\\/wp-content\\\/uploads\\\/2022\\\/01\\\/notarisklerken-basoche-logo.png\",\"width\":336,\"height\":168,\"caption\":\"NotarisKlerken Basoche\"},\"image\":{\"@id\":\"https:\\\/\\\/notarisklerken-basoche.be\\\/#\\\/schema\\\/logo\\\/image\\\/\"}},{\"@type\":\"Person\",\"@id\":\"https:\\\/\\\/notarisklerken-basoche.be\\\/#\\\/schema\\\/person\\\/22fd76a661ff5e38d04977179d600984\",\"name\":\"Vincent Vranck\",\"url\":\"https:\\\/\\\/notarisklerken-basoche.be\\\/fr\\\/author\\\/vincent-vranckgmail-com\\\/\"}]}<\/script>\n<!-- \/ Yoast SEO plugin. -->","yoast_head_json":{"title":"JOURNEE DES FAMILLES A SPA - NotarisKlerken Basoche","robots":{"index":"index","follow":"follow","max-snippet":"max-snippet:-1","max-image-preview":"max-image-preview:large","max-video-preview":"max-video-preview:-1"},"canonical":"https:\/\/notarisklerken-basoche.be\/fr\/journee-des-familles-a-spa\/","og_locale":"fr_FR","og_type":"article","og_title":"JOURNEE DES FAMILLES A SPA - NotarisKlerken Basoche","og_description":"Le samedi 30 mai 2026 nous invitons tous les employ\u00e9s du notariat, membres et non-membres de notre association, ainsi que leurs familles, \u00e0 notre journ\u00e9e des familles annuelle. C\u2019est l\u2019occasion id\u00e9ale d\u2019\u00e9changer des nouvelles ou de faire connaissance avec des coll\u00e8gues Au plaisir de vous rencontrer Invitation-Inscription Journ\u00e9e Familles 2026","og_url":"https:\/\/notarisklerken-basoche.be\/fr\/journee-des-familles-a-spa\/","og_site_name":"NotarisKlerken Basoche","article_published_time":"2026-05-02T08:53:36+00:00","article_modified_time":"2026-05-02T08:56:16+00:00","author":"Vincent Vranck","twitter_card":"summary_large_image","twitter_misc":{"\u00c9crit par":"Vincent Vranck","Dur\u00e9e de lecture estim\u00e9e":"1 minute"},"schema":{"@context":"https:\/\/schema.org","@graph":[{"@type":"Article","@id":"https:\/\/notarisklerken-basoche.be\/fr\/journee-des-familles-a-spa\/#article","isPartOf":{"@id":"https:\/\/notarisklerken-basoche.be\/fr\/journee-des-familles-a-spa\/"},"author":{"name":"Vincent Vranck","@id":"https:\/\/notarisklerken-basoche.be\/#\/schema\/person\/22fd76a661ff5e38d04977179d600984"},"headline":"JOURNEE DES FAMILLES A SPA","datePublished":"2026-05-02T08:53:36+00:00","dateModified":"2026-05-02T08:56:16+00:00","mainEntityOfPage":{"@id":"https:\/\/notarisklerken-basoche.be\/fr\/journee-des-familles-a-spa\/"},"wordCount":68,"publisher":{"@id":"https:\/\/notarisklerken-basoche.be\/#organization"},"articleSection":["Non classifi\u00e9(e)"],"inLanguage":"fr-FR"},{"@type":"WebPage","@id":"https:\/\/notarisklerken-basoche.be\/fr\/journee-des-familles-a-spa\/","url":"https:\/\/notarisklerken-basoche.be\/fr\/journee-des-familles-a-spa\/","name":"JOURNEE DES FAMILLES A SPA - NotarisKlerken Basoche","isPartOf":{"@id":"https:\/\/notarisklerken-basoche.be\/#website"},"datePublished":"2026-05-02T08:53:36+00:00","dateModified":"2026-05-02T08:56:16+00:00","breadcrumb":{"@id":"https:\/\/notarisklerken-basoche.be\/fr\/journee-des-familles-a-spa\/#breadcrumb"},"inLanguage":"fr-FR","potentialAction":[{"@type":"ReadAction","target":["https:\/\/notarisklerken-basoche.be\/fr\/journee-des-familles-a-spa\/"]}]},{"@type":"BreadcrumbList","@id":"https:\/\/notarisklerken-basoche.be\/fr\/journee-des-familles-a-spa\/#breadcrumb","itemListElement":[{"@type":"ListItem","position":1,"name":"Home","item":"https:\/\/notarisklerken-basoche.be\/fr\/"},{"@type":"ListItem","position":2,"name":"JOURNEE DES FAMILLES A SPA"}]},{"@type":"WebSite","@id":"https:\/\/notarisklerken-basoche.be\/#website","url":"https:\/\/notarisklerken-basoche.be\/","name":"NotarisKlerken Basoche","description":"De Nationale Beroepsvereniging van het Notarispersoneel","publisher":{"@id":"https:\/\/notarisklerken-basoche.be\/#organization"},"potentialAction":[{"@type":"SearchAction","target":{"@type":"EntryPoint","urlTemplate":"https:\/\/notarisklerken-basoche.be\/?s={search_term_string}"},"query-input":{"@type":"PropertyValueSpecification","valueRequired":true,"valueName":"search_term_string"}}],"inLanguage":"fr-FR"},{"@type":"Organization","@id":"https:\/\/notarisklerken-basoche.be\/#organization","name":"NotarisKlerken Basoche","url":"https:\/\/notarisklerken-basoche.be\/","logo":{"@type":"ImageObject","inLanguage":"fr-FR","@id":"https:\/\/notarisklerken-basoche.be\/#\/schema\/logo\/image\/","url":"https:\/\/notarisklerken-basoche.be\/wp-content\/uploads\/2022\/01\/notarisklerken-basoche-logo.png","contentUrl":"https:\/\/notarisklerken-basoche.be\/wp-content\/uploads\/2022\/01\/notarisklerken-basoche-logo.png","width":336,"height":168,"caption":"NotarisKlerken Basoche"},"image":{"@id":"https:\/\/notarisklerken-basoche.be\/#\/schema\/logo\/image\/"}},{"@type":"Person","@id":"https:\/\/notarisklerken-basoche.be\/#\/schema\/person\/22fd76a661ff5e38d04977179d600984","name":"Vincent Vranck","url":"https:\/\/notarisklerken-basoche.be\/fr\/author\/vincent-vranckgmail-com\/"}]}},"_links":{"self":[{"href":"https:\/\/notarisklerken-basoche.be\/fr\/wp-json\/wp\/v2\/posts\/227222","targetHints":{"allow":["GET"]}}],"collection":[{"href":"https:\/\/notarisklerken-basoche.be\/fr\/wp-json\/wp\/v2\/posts"}],"about":[{"href":"https:\/\/notarisklerken-basoche.be\/fr\/wp-json\/wp\/v2\/types\/post"}],"author":[{"embeddable":true,"href":"https:\/\/notarisklerken-basoche.be\/fr\/wp-json\/wp\/v2\/users\/365"}],"replies":[{"embeddable":true,"href":"https:\/\/notarisklerken-basoche.be\/fr\/wp-json\/wp\/v2\/comments?post=227222"}],"version-history":[{"count":1,"href":"https:\/\/notarisklerken-basoche.be\/fr\/wp-json\/wp\/v2\/posts\/227222\/revisions"}],"predecessor-version":[{"id":227225,"href":"https:\/\/notarisklerken-basoche.be\/fr\/wp-json\/wp\/v2\/posts\/227222\/revisions\/227225"}],"wp:attachment":[{"href":"https:\/\/notarisklerken-basoche.be\/fr\/wp-json\/wp\/v2\/media?parent=227222"}],"wp:term":[{"taxonomy":"category","embeddable":true,"href":"https:\/\/notarisklerken-basoche.be\/fr\/wp-json\/wp\/v2\/categories?post=227222"},{"taxonomy":"post_tag","embeddable":true,"href":"https:\/\/notarisklerken-basoche.be\/fr\/wp-json\/wp\/v2\/tags?post=227222"}],"curies":[{"name":"wp","href":"https:\/\/api.w.org\/{rel}","templated":true}]}}